{"id":6708,"date":"2026-03-11T17:47:53","date_gmt":"2026-03-11T23:47:53","guid":{"rendered":"http:\/\/bosquedechapultepec.mx:9000\/bosquedechapultepec\/?p=6708"},"modified":"2026-03-11T17:48:02","modified_gmt":"2026-03-11T23:48:02","slug":"gobierno-de-la-ciudad-de-mexico-firma-convenio-de-colaboracion-entre-el-bosque-de-chapultepec-y-el-bosque-urbano-la-sauceda","status":"publish","type":"post","link":"http:\/\/bosquedechapultepec.mx:9000\/bosquedechapultepec\/gobierno-de-la-ciudad-de-mexico-firma-convenio-de-colaboracion-entre-el-bosque-de-chapultepec-y-el-bosque-urbano-la-sauceda\/","title":{"rendered":"Gobierno de la Ciudad de M\u00e9xico firma convenio de colaboraci\u00f3n entre el Bosque de Chapultepec y el Bosque Urbano La Sauceda"},"content":{"rendered":"\n<ul class=\"wp-block-list\">\n<li><strong>La Jefa de Gobierno, Clara Brugada Molina, destac\u00f3 que las \u00e1reas naturales protegidas representan el principal instrumento de gesti\u00f3n ambiental en las ciudades, ya que permiten proteger, preservar y restaurar el patrimonio natural<\/strong><\/li>\n\n\n\n<li><strong>El gobernador de Sonora, Alfonso Durazo, reconoci\u00f3 el modelo de gesti\u00f3n del pulm\u00f3n verde de la capital y destac\u00f3 la participaci\u00f3n conjunta de la administraci\u00f3n en la ciudad<\/strong><\/li>\n\n\n\n<li><strong>La secretaria de Medio Ambiente de la Ciudad de M\u00e9xico, Julia \u00c1lvarez, mencion\u00f3 que este convenio permitir\u00e1 que la experiencia t\u00e9cnica, institucional y de gesti\u00f3n del Bosque de Chapultepec acompa\u00f1e el desarrollo del bosque urbano de La Sauceda, en Sonora<\/strong><\/li>\n<\/ul>\n\n\n\n<p>Durante el evento, realizado en el Bosque de Chapultepec, la mandataria capitalina destac\u00f3 que este acuerdo permitir\u00e1 consolidar un intercambio permanente entre ambos gobiernos para fortalecer la gesti\u00f3n de los bosques urbanos y avanzar en la construcci\u00f3n de una red nacional de colaboraci\u00f3n que promueva la conservaci\u00f3n de estos espacios estrat\u00e9gicos para el equilibrio ambiental y la calidad de vida de la poblaci\u00f3n.<\/p>\n\n\n\n<figure class=\"wp-block-image size-large\"><img fetchpriority=\"high\" decoding=\"async\" width=\"1024\" height=\"682\" src=\"http:\/\/bosquedechapultepec.mx:9000\/bosquedechapultepec\/wp-content\/uploads\/2026\/03\/650287813_1474630527357806_3168212555999697841_n-1024x682.jpg\" alt=\"\" class=\"wp-image-6709\" srcset=\"http:\/\/bosquedechapultepec.mx:9000\/bosquedechapultepec\/wp-content\/uploads\/2026\/03\/650287813_1474630527357806_3168212555999697841_n-1024x682.jpg 1024w, http:\/\/bosquedechapultepec.mx:9000\/bosquedechapultepec\/wp-content\/uploads\/2026\/03\/650287813_1474630527357806_3168212555999697841_n-300x200.jpg 300w, http:\/\/bosquedechapultepec.mx:9000\/bosquedechapultepec\/wp-content\/uploads\/2026\/03\/650287813_1474630527357806_3168212555999697841_n-768x512.jpg 768w, http:\/\/bosquedechapultepec.mx:9000\/bosquedechapultepec\/wp-content\/uploads\/2026\/03\/650287813_1474630527357806_3168212555999697841_n.jpg 1280w\" sizes=\"(max-width: 1024px) 100vw, 1024px\" \/><\/figure>\n\n\n\n<p>Brugada Molina explic\u00f3 que el convenio surge del inter\u00e9s del gobierno de Sonora por conocer la experiencia de gesti\u00f3n y conservaci\u00f3n del bosque capitalino para fortalecer el desarrollo del Bosque La Sauceda, un parque urbano de m\u00e1s de 200 hect\u00e1reas ubicado en la ciudad de Hermosillo.<\/p>\n\n\n\n<p>\u201cEs muy importante que lo que nos une al gobernador de Sonora y a su servidora, adem\u00e1s de la visi\u00f3n de pa\u00eds y de ciudades, sea justamente el rescate medioambiental\u201d, expres\u00f3 la titular del Ejecutivo local.<\/p>\n\n\n\n<p>Destac\u00f3, adem\u00e1s, que el Bosque de Chapultepec es uno de los bosques urbanos m\u00e1s grandes e importantes del mundo, con una afluencia de m\u00e1s de 25 millones de visitantes, adem\u00e1s de ser un espacio emblem\u00e1tico por su valor hist\u00f3rico, cultural y ambiental.<\/p>\n\n\n\n<figure class=\"wp-block-image size-large\"><img decoding=\"async\" width=\"1024\" height=\"682\" src=\"http:\/\/bosquedechapultepec.mx:9000\/bosquedechapultepec\/wp-content\/uploads\/2026\/03\/WhatsApp-Image-2026-03-11-at-5.27.51-PM-1024x682.jpeg\" alt=\"\" class=\"wp-image-6711\" srcset=\"http:\/\/bosquedechapultepec.mx:9000\/bosquedechapultepec\/wp-content\/uploads\/2026\/03\/WhatsApp-Image-2026-03-11-at-5.27.51-PM-1024x682.jpeg 1024w, http:\/\/bosquedechapultepec.mx:9000\/bosquedechapultepec\/wp-content\/uploads\/2026\/03\/WhatsApp-Image-2026-03-11-at-5.27.51-PM-300x200.jpeg 300w, http:\/\/bosquedechapultepec.mx:9000\/bosquedechapultepec\/wp-content\/uploads\/2026\/03\/WhatsApp-Image-2026-03-11-at-5.27.51-PM-768x512.jpeg 768w, http:\/\/bosquedechapultepec.mx:9000\/bosquedechapultepec\/wp-content\/uploads\/2026\/03\/WhatsApp-Image-2026-03-11-at-5.27.51-PM-1536x1023.jpeg 1536w, http:\/\/bosquedechapultepec.mx:9000\/bosquedechapultepec\/wp-content\/uploads\/2026\/03\/WhatsApp-Image-2026-03-11-at-5.27.51-PM.jpeg 1600w\" sizes=\"(max-width: 1024px) 100vw, 1024px\" \/><\/figure>\n\n\n\n<p>La mandataria capitalina anunci\u00f3 que, como parte de esta colaboraci\u00f3n, ambos gobiernos impulsar\u00e1n la creaci\u00f3n de una red nacional de parques urbanos, as\u00ed como la realizaci\u00f3n de un encuentro de especialistas y autoridades ambientales en el Bosque La Sauceda, con el objetivo de compartir experiencias y fortalecer la conservaci\u00f3n de estos espacios en todo el pa\u00eds.<\/p>\n\n\n\n<p>Por su parte, el gobernador de Sonora, Alfonso Durazo Monta\u00f1o, asegur\u00f3 que hist\u00f3ricamente el Gobierno de la Ciudad de M\u00e9xico ha sido referente para los gobiernos de la Cuarta Transformaci\u00f3n en materia de administraci\u00f3n p\u00fablica, por lo que solicit\u00f3 la colaboraci\u00f3n de la capital para fortalecer el proyecto del Bosque La Sauceda.<\/p>\n\n\n\n<p>Durazo Monta\u00f1o detall\u00f3 que el Bosque La Sauceda, ubicado en el centro de la ciudad de Hermosillo, fue creado hace 40 a\u00f1os y actualmente ha ampliado su extensi\u00f3n a 210 hect\u00e1reas gracias al apoyo de la iniciativa privada. Debido a su tama\u00f1o e importancia, se\u00f1al\u00f3, resulta fundamental replicar modelos de administraci\u00f3n exitosos como el del Bosque de Chapultepec.<\/p>\n\n\n\n<figure class=\"wp-block-image size-large is-resized\"><img decoding=\"async\" width=\"1024\" height=\"682\" src=\"http:\/\/bosquedechapultepec.mx:9000\/bosquedechapultepec\/wp-content\/uploads\/2026\/03\/69af44e9ebe54393513761-1024x682.jpeg\" alt=\"\" class=\"wp-image-6712\" style=\"width:840px;height:auto\" srcset=\"http:\/\/bosquedechapultepec.mx:9000\/bosquedechapultepec\/wp-content\/uploads\/2026\/03\/69af44e9ebe54393513761-1024x682.jpeg 1024w, http:\/\/bosquedechapultepec.mx:9000\/bosquedechapultepec\/wp-content\/uploads\/2026\/03\/69af44e9ebe54393513761-300x200.jpeg 300w, http:\/\/bosquedechapultepec.mx:9000\/bosquedechapultepec\/wp-content\/uploads\/2026\/03\/69af44e9ebe54393513761-768x512.jpeg 768w, http:\/\/bosquedechapultepec.mx:9000\/bosquedechapultepec\/wp-content\/uploads\/2026\/03\/69af44e9ebe54393513761-1536x1024.jpeg 1536w, http:\/\/bosquedechapultepec.mx:9000\/bosquedechapultepec\/wp-content\/uploads\/2026\/03\/69af44e9ebe54393513761-2048x1365.jpeg 2048w\" sizes=\"(max-width: 1024px) 100vw, 1024px\" \/><\/figure>\n\n\n\n<p>La secretaria de Medio Ambiente de la Ciudad de M\u00e9xico, Julia \u00c1lvarez Icaza, indic\u00f3 que la firma de este convenio permitir\u00e1 que la experiencia t\u00e9cnica, institucional y de gesti\u00f3n acumulada durante m\u00e1s de 24 a\u00f1os en el Bosque de Chapultepec acompa\u00f1e ahora el desarrollo del bosque urbano de La Sauceda en Sonora.<\/p>\n\n\n\n<p>Agreg\u00f3 que la Secretar\u00eda del Medio Ambiente brindar\u00e1 todo el acompa\u00f1amiento t\u00e9cnico necesario para fortalecer este proyecto, en un intercambio que tambi\u00e9n permitir\u00e1 generar nuevas ideas y aprendizajes para la capital del pa\u00eds.<\/p>\n\n\n\n<p>\u00c1lvarez Icaza destac\u00f3 que as\u00ed como Chapultepec puede compartir su experiencia, en poco tiempo La Sauceda generar\u00e1 innovaciones que podr\u00e1n replicarse en la ciudad y en el propio bosque capitalino.<\/p>\n\n\n\n<figure class=\"wp-block-image size-large\"><img loading=\"lazy\" decoding=\"async\" width=\"1024\" height=\"682\" src=\"http:\/\/bosquedechapultepec.mx:9000\/bosquedechapultepec\/wp-content\/uploads\/2026\/03\/69af44eb74a23440585584-1024x682.jpeg\" alt=\"\" class=\"wp-image-6713\" srcset=\"http:\/\/bosquedechapultepec.mx:9000\/bosquedechapultepec\/wp-content\/uploads\/2026\/03\/69af44eb74a23440585584-1024x682.jpeg 1024w, http:\/\/bosquedechapultepec.mx:9000\/bosquedechapultepec\/wp-content\/uploads\/2026\/03\/69af44eb74a23440585584-300x200.jpeg 300w, http:\/\/bosquedechapultepec.mx:9000\/bosquedechapultepec\/wp-content\/uploads\/2026\/03\/69af44eb74a23440585584-768x512.jpeg 768w, http:\/\/bosquedechapultepec.mx:9000\/bosquedechapultepec\/wp-content\/uploads\/2026\/03\/69af44eb74a23440585584-1536x1024.jpeg 1536w, http:\/\/bosquedechapultepec.mx:9000\/bosquedechapultepec\/wp-content\/uploads\/2026\/03\/69af44eb74a23440585584-2048x1365.jpeg 2048w\" sizes=\"(max-width: 1024px) 100vw, 1024px\" \/><\/figure>\n","protected":false},"excerpt":{"rendered":"<p>Durante el evento, realizado en el Bosque de Chapultepec, la mandataria capitalina destac\u00f3 que este acuerdo permitir\u00e1 consolidar un intercambio permanente entre ambos gobiernos para fortalecer la gesti\u00f3n de los bosques urbanos y avanzar en la construcci\u00f3n de una red nacional de colaboraci\u00f3n que promueva la conservaci\u00f3n de estos espacios estrat\u00e9gicos para el equilibrio ambiental [&hellip;]<\/p>\n","protected":false},"author":1,"featured_media":0,"comment_status":"open","ping_status":"open","sticky":false,"template":"","format":"standard","meta":{"_acf_changed":true,"inline_featured_image":false,"footnotes":""},"categories":[14],"tags":[122,107],"class_list":["post-6708","post","type-post","status-publish","format-standard","hentry","category-noticias","tag-biodiversidad","tag-noticias"],"acf":[],"_links":{"self":[{"href":"http:\/\/bosquedechapultepec.mx:9000\/bosquedechapultepec\/wp-json\/wp\/v2\/posts\/6708","targetHints":{"allow":["GET"]}}],"collection":[{"href":"http:\/\/bosquedechapultepec.mx:9000\/bosquedechapultepec\/wp-json\/wp\/v2\/posts"}],"about":[{"href":"http:\/\/bosquedechapultepec.mx:9000\/bosquedechapultepec\/wp-json\/wp\/v2\/types\/post"}],"author":[{"embeddable":true,"href":"http:\/\/bosquedechapultepec.mx:9000\/bosquedechapultepec\/wp-json\/wp\/v2\/users\/1"}],"replies":[{"embeddable":true,"href":"http:\/\/bosquedechapultepec.mx:9000\/bosquedechapultepec\/wp-json\/wp\/v2\/comments?post=6708"}],"version-history":[{"count":0,"href":"http:\/\/bosquedechapultepec.mx:9000\/bosquedechapultepec\/wp-json\/wp\/v2\/posts\/6708\/revisions"}],"wp:attachment":[{"href":"http:\/\/bosquedechapultepec.mx:9000\/bosquedechapultepec\/wp-json\/wp\/v2\/media?parent=6708"}],"wp:term":[{"taxonomy":"category","embeddable":true,"href":"http:\/\/bosquedechapultepec.mx:9000\/bosquedechapultepec\/wp-json\/wp\/v2\/categories?post=6708"},{"taxonomy":"post_tag","embeddable":true,"href":"http:\/\/bosquedechapultepec.mx:9000\/bosquedechapultepec\/wp-json\/wp\/v2\/tags?post=6708"}],"curies":[{"name":"wp","href":"https:\/\/api.w.org\/{rel}","templated":true}]}}