{"id":6602,"date":"2025-04-08T22:12:25","date_gmt":"2025-04-09T03:12:25","guid":{"rendered":"http:\/\/bosquedechapultepec.mx:9000\/bosquedechapultepec\/?p=6602"},"modified":"2025-04-08T22:12:30","modified_gmt":"2025-04-09T03:12:30","slug":"spora-festival-del-bosque-se-esparce-en-chapultepec","status":"publish","type":"post","link":"http:\/\/bosquedechapultepec.mx:9000\/bosquedechapultepec\/spora-festival-del-bosque-se-esparce-en-chapultepec\/","title":{"rendered":"\u00a1SPORA: Festival del Bosque se esparce en Chapultepec!"},"content":{"rendered":"\n<p>El Bosque de Chapultepec ser\u00e1 el escenario natural donde, del 17 al 20 de abril, se dispersar\u00e1 SPORA Festival del Bosque 2025, una celebraci\u00f3n que invita a descubrir la magia, sabidur\u00eda y vitalidad de los hongos a trav\u00e9s de m\u00e1s de 260 actividades culturales, art\u00edsticas, cient\u00edficas y recreativas.<\/p>\n\n\n\n<p>Este festival es una iniciativa del Gobierno de la Ciudad de M\u00e9xico, la Secretar\u00eda del Medio Ambiente, en colaboraci\u00f3n con el Fideicomiso Pro Bosque de Chapultepec, con el valioso apoyo de Fundaci\u00f3n Coppel.<\/p>\n\n\n\n<figure class=\"wp-block-image size-large\"><img fetchpriority=\"high\" decoding=\"async\" width=\"1024\" height=\"576\" src=\"http:\/\/bosquedechapultepec.mx:9000\/bosquedechapultepec\/wp-content\/uploads\/2025\/04\/489710507_1091167643041064_5417344698424612447_n-1024x576.jpg\" alt=\"\" class=\"wp-image-6604\" srcset=\"http:\/\/bosquedechapultepec.mx:9000\/bosquedechapultepec\/wp-content\/uploads\/2025\/04\/489710507_1091167643041064_5417344698424612447_n-1024x576.jpg 1024w, http:\/\/bosquedechapultepec.mx:9000\/bosquedechapultepec\/wp-content\/uploads\/2025\/04\/489710507_1091167643041064_5417344698424612447_n-300x169.jpg 300w, http:\/\/bosquedechapultepec.mx:9000\/bosquedechapultepec\/wp-content\/uploads\/2025\/04\/489710507_1091167643041064_5417344698424612447_n-768x432.jpg 768w, http:\/\/bosquedechapultepec.mx:9000\/bosquedechapultepec\/wp-content\/uploads\/2025\/04\/489710507_1091167643041064_5417344698424612447_n-1536x864.jpg 1536w, http:\/\/bosquedechapultepec.mx:9000\/bosquedechapultepec\/wp-content\/uploads\/2025\/04\/489710507_1091167643041064_5417344698424612447_n.jpg 2048w\" sizes=\"(max-width: 1024px) 100vw, 1024px\" \/><\/figure>\n\n\n\n<p>Distribuido en 17 sedes de la Primera, Segunda y Cuarta Secci\u00f3n del Bosque, SPORA busca sensibilizar a las y los visitantes sobre la relevancia de los hongos en la vida cotidiana, los ecosistemas y las culturas ancestrales. A trav\u00e9s de una programaci\u00f3n festiva que conecta ciencia, arte, naturaleza y comunidad, el festival propone una nueva forma de habitar y cuidar el bosque.<\/p>\n\n\n\n<p><strong>Algunas de las actividades del Festival ser\u00e1n: <\/strong><\/p>\n\n\n\n<ul class=\"wp-block-list\">\n<li>Espect\u00e1culo de danza con el Ballet Folkl\u00f3rico de M\u00e9xico de Amalia Hern\u00e1ndez<\/li>\n\n\n\n<li>Observaci\u00f3n de estrellas y hongos<\/li>\n\n\n\n<li>P\u00edcnic nocturno bioluminiscente<\/li>\n\n\n\n<li>Concierto de clausura con Pahua<\/li>\n\n\n\n<li>9 conferencias magistrales con especialistas<\/li>\n\n\n\n<li>6 macrohongos monumentales y un portal tem\u00e1tico en la Puerta de los Leones<\/li>\n\n\n\n<li>2 exposiciones fotogr\u00e1ficas al aire libre<\/li>\n\n\n\n<li>162 talleres<\/li>\n\n\n\n<li>16 funciones de cine al aire libre en el foro al aire libre de la Cineteca Nacional sede Chapultepec<\/li>\n\n\n\n<li>1 experiencia inmersiva en el Jard\u00edn Bot\u00e1nico con apoyo de Moment Lab<\/li>\n<\/ul>\n\n\n\n<figure class=\"wp-block-image size-large\"><img decoding=\"async\" width=\"1024\" height=\"576\" src=\"http:\/\/bosquedechapultepec.mx:9000\/bosquedechapultepec\/wp-content\/uploads\/2025\/04\/WhatsApp-Image-2025-04-08-at-1.37.45-PM-1024x576.jpeg\" alt=\"\" class=\"wp-image-6605\" srcset=\"http:\/\/bosquedechapultepec.mx:9000\/bosquedechapultepec\/wp-content\/uploads\/2025\/04\/WhatsApp-Image-2025-04-08-at-1.37.45-PM-1024x576.jpeg 1024w, http:\/\/bosquedechapultepec.mx:9000\/bosquedechapultepec\/wp-content\/uploads\/2025\/04\/WhatsApp-Image-2025-04-08-at-1.37.45-PM-300x169.jpeg 300w, http:\/\/bosquedechapultepec.mx:9000\/bosquedechapultepec\/wp-content\/uploads\/2025\/04\/WhatsApp-Image-2025-04-08-at-1.37.45-PM-768x432.jpeg 768w, http:\/\/bosquedechapultepec.mx:9000\/bosquedechapultepec\/wp-content\/uploads\/2025\/04\/WhatsApp-Image-2025-04-08-at-1.37.45-PM-1536x864.jpeg 1536w, http:\/\/bosquedechapultepec.mx:9000\/bosquedechapultepec\/wp-content\/uploads\/2025\/04\/WhatsApp-Image-2025-04-08-at-1.37.45-PM.jpeg 1600w\" sizes=\"(max-width: 1024px) 100vw, 1024px\" \/><\/figure>\n\n\n\n<p>Para facilitar el acceso, se implementar\u00e1 un operativo de movilidad especial e invitamos al p\u00fablico a llegar preferentemente en transporte p\u00fablico a trav\u00e9s de la Movilidad Integrada: Metro, Metrob\u00fas, Cableb\u00fas, Troleb\u00fas y Ecobici.<\/p>\n\n\n\n<p>Consulta m\u00e1s informaci\u00f3n y la cartelera completa en:<a href=\"http:\/\/www.festivaldelbosque.com\"> www.festivaldelbosque.com<\/a><\/p>\n\n\n\n<figure class=\"wp-block-image size-large\"><img decoding=\"async\" width=\"1024\" height=\"576\" src=\"http:\/\/bosquedechapultepec.mx:9000\/bosquedechapultepec\/wp-content\/uploads\/2025\/04\/WhatsApp-Image-2025-04-08-at-1.37.44-PM-1-1024x576.jpeg\" alt=\"\" class=\"wp-image-6606\" srcset=\"http:\/\/bosquedechapultepec.mx:9000\/bosquedechapultepec\/wp-content\/uploads\/2025\/04\/WhatsApp-Image-2025-04-08-at-1.37.44-PM-1-1024x576.jpeg 1024w, http:\/\/bosquedechapultepec.mx:9000\/bosquedechapultepec\/wp-content\/uploads\/2025\/04\/WhatsApp-Image-2025-04-08-at-1.37.44-PM-1-300x169.jpeg 300w, http:\/\/bosquedechapultepec.mx:9000\/bosquedechapultepec\/wp-content\/uploads\/2025\/04\/WhatsApp-Image-2025-04-08-at-1.37.44-PM-1-768x432.jpeg 768w, http:\/\/bosquedechapultepec.mx:9000\/bosquedechapultepec\/wp-content\/uploads\/2025\/04\/WhatsApp-Image-2025-04-08-at-1.37.44-PM-1-1536x864.jpeg 1536w, http:\/\/bosquedechapultepec.mx:9000\/bosquedechapultepec\/wp-content\/uploads\/2025\/04\/WhatsApp-Image-2025-04-08-at-1.37.44-PM-1.jpeg 1600w\" sizes=\"(max-width: 1024px) 100vw, 1024px\" \/><\/figure>\n","protected":false},"excerpt":{"rendered":"<p>El Bosque de Chapultepec ser\u00e1 el escenario natural donde, del 17 al 20 de abril, se dispersar\u00e1 SPORA Festival del Bosque 2025, una celebraci\u00f3n que invita a descubrir la magia, sabidur\u00eda y vitalidad de los hongos a trav\u00e9s de m\u00e1s de 260 actividades culturales, art\u00edsticas, cient\u00edficas y recreativas. Este festival es una iniciativa del Gobierno [&hellip;]<\/p>\n","protected":false},"author":1,"featured_media":0,"comment_status":"open","ping_status":"open","sticky":false,"template":"","format":"standard","meta":{"_acf_changed":true,"inline_featured_image":false,"footnotes":""},"categories":[14],"tags":[122,129],"class_list":["post-6602","post","type-post","status-publish","format-standard","hentry","category-noticias","tag-biodiversidad","tag-festival"],"acf":[],"_links":{"self":[{"href":"http:\/\/bosquedechapultepec.mx:9000\/bosquedechapultepec\/wp-json\/wp\/v2\/posts\/6602","targetHints":{"allow":["GET"]}}],"collection":[{"href":"http:\/\/bosquedechapultepec.mx:9000\/bosquedechapultepec\/wp-json\/wp\/v2\/posts"}],"about":[{"href":"http:\/\/bosquedechapultepec.mx:9000\/bosquedechapultepec\/wp-json\/wp\/v2\/types\/post"}],"author":[{"embeddable":true,"href":"http:\/\/bosquedechapultepec.mx:9000\/bosquedechapultepec\/wp-json\/wp\/v2\/users\/1"}],"replies":[{"embeddable":true,"href":"http:\/\/bosquedechapultepec.mx:9000\/bosquedechapultepec\/wp-json\/wp\/v2\/comments?post=6602"}],"version-history":[{"count":0,"href":"http:\/\/bosquedechapultepec.mx:9000\/bosquedechapultepec\/wp-json\/wp\/v2\/posts\/6602\/revisions"}],"wp:attachment":[{"href":"http:\/\/bosquedechapultepec.mx:9000\/bosquedechapultepec\/wp-json\/wp\/v2\/media?parent=6602"}],"wp:term":[{"taxonomy":"category","embeddable":true,"href":"http:\/\/bosquedechapultepec.mx:9000\/bosquedechapultepec\/wp-json\/wp\/v2\/categories?post=6602"},{"taxonomy":"post_tag","embeddable":true,"href":"http:\/\/bosquedechapultepec.mx:9000\/bosquedechapultepec\/wp-json\/wp\/v2\/tags?post=6602"}],"curies":[{"name":"wp","href":"https:\/\/api.w.org\/{rel}","templated":true}]}}